{"id":10839,"date":"2026-08-30T08:47:20","date_gmt":"2026-08-30T12:47:20","guid":{"rendered":"https:\/\/www.aps.org.py\/?p=10839"},"modified":"2026-08-30T08:47:38","modified_gmt":"2026-08-30T12:47:38","slug":"la-aps-prepara-la-apertura-nacional-de-una-nueva-campana-de-soja","status":"publish","type":"post","link":"https:\/\/www.aps.org.py\/en\/la-aps-prepara-la-apertura-nacional-de-una-nueva-campana-de-soja\/","title":{"rendered":"La APS prepara la apertura nacional de una nueva campa\u00f1a de soja"},"content":{"rendered":"\n<p class=\"wp-block-paragraph\">Fuente: PoderAgropecuario <a href=\"https:\/\/poderagropecuario.com\/la-aps-prepara-la-apertura-nacional-de-una-nueva-campana-de-soja\/\">https:\/\/poderagropecuario.com\/la-aps-prepara-la-apertura-nacional-de-una-nueva-campana-de-soja\/<\/a><\/p>\n\n\n\n<p class=\"wp-block-paragraph\"><a href=\"https:\/\/poderagropecuario.com\/2026\/08\/29\/\">agosto 29, 2026<\/a><\/p>\n\n\n\n<p class=\"wp-block-paragraph\"><strong>La Asociaci\u00f3n de Productores de Soja, Oleaginosas y Cereales del Paraguay (APS) prepara una nueva edici\u00f3n de Siembra Paraguay \u2013 Apertura Nacional de la Siembra de Soja 2026\/27, que se realizar\u00e1 el pr\u00f3ximo 3 de septiembre, desde las 08:00, en J. Eulogio Estigarribia, departamento de Caaguaz\u00fa.<\/strong><\/p>\n\n\n\n<p class=\"wp-block-paragraph\">Bajo el lema \u201c\u00d1a\u00f1emit\u1ef9 \u00f1epyr\u0169ta\u201d, la iniciativa llega a su cuarta edici\u00f3n con el objetivo de marcar el inicio simb\u00f3lico de una nueva campa\u00f1a, poner en valor el trabajo de los productores y analizar las perspectivas de uno de los principales rubros de la agricultura paraguaya.<\/p>\n\n\n\n<p class=\"wp-block-paragraph\">Para el ciclo 2026\/27, las primeras estimaciones ubican el \u00e1rea de soja entre 3,6 y 3,7 millones de hect\u00e1reas, en un escenario que combina expectativas favorables desde el punto de vista clim\u00e1tico con desaf\u00edos relacionados con los costos de producci\u00f3n, los precios y la situaci\u00f3n de los mercados internacionales.<\/p>\n\n\n\n<p class=\"wp-block-paragraph\"><strong>27 a\u00f1os de la APS, una mirada a la evoluci\u00f3n de la soja paraguaya<\/strong><\/p>\n\n\n\n<p class=\"wp-block-paragraph\">La apertura de la campa\u00f1a tendr\u00e1 un significado especial para la APS, que este a\u00f1o celebra 27 a\u00f1os de trayectoria.<\/p>\n\n\n\n<p class=\"wp-block-paragraph\">En este mismo periodo, la soja paraguaya experiment\u00f3 una transformaci\u00f3n de gran magnitud. En la campa\u00f1a 1999\/2000, cuando la APS iniciaba su recorrido, el cultivo ocupaba alrededor de 1,2 millones de hect\u00e1reas, con una producci\u00f3n de 2,91 millones de toneladas y un rendimiento promedio de 2.426 kg por hect\u00e1rea, seg\u00fan registros de CAPECO.<\/p>\n\n\n\n<p class=\"wp-block-paragraph\">Para la campa\u00f1a 2025\/26, CAPECO registra 3,407 millones de hect\u00e1reas en zafra, una producci\u00f3n estimada de 11,5 millones de toneladas y un rendimiento promedio de 3.374 kg por hect\u00e1rea.<\/p>\n\n\n\n<p class=\"wp-block-paragraph\">La evoluci\u00f3n refleja no solo el crecimiento de la superficie y la producci\u00f3n, sino tambi\u00e9n la transformaci\u00f3n tecnol\u00f3gica de la agricultura paraguaya, con mayor mecanizaci\u00f3n, gen\u00e9tica, herramientas de agricultura de precisi\u00f3n y nuevas pr\u00e1cticas de manejo.<\/p>\n\n\n\n<p class=\"wp-block-paragraph\"><strong>Un nuevo ciclo con desaf\u00edos para el productor<\/strong><\/p>\n\n\n\n<p class=\"wp-block-paragraph\">El presidente de la APS, Lindemar Cesca, se\u00f1al\u00f3 que el inicio de la campa\u00f1a genera expectativas positivas en materia clim\u00e1tica, aunque advirti\u00f3 que el escenario econ\u00f3mico y comercial constituye uno de los principales desaf\u00edos para el productor.<\/p>\n\n\n\n<p class=\"wp-block-paragraph\">\u201cEl productor sabe producir y tiene conocimiento del manejo de los cultivos, pero el mercado es una incertidumbre total\u201d, sostuvo Cesca, al referirse al impacto de la situaci\u00f3n geopol\u00edtica sobre los precios y los costos de producci\u00f3n.<\/p>\n\n\n\n<p class=\"wp-block-paragraph\">En este contexto, mencion\u00f3 especialmente la fluctuaci\u00f3n de los precios y el comportamiento de los costos, entre ellos el combustible, como factores que pueden incidir en la rentabilidad de la campa\u00f1a.<\/p>\n\n\n\n<p class=\"wp-block-paragraph\">Cesca destac\u00f3 adem\u00e1s la evoluci\u00f3n tecnol\u00f3gica alcanzada por los productores paraguayos y la capacidad del sector para incorporar nuevas herramientas orientadas a mejorar la eficiencia y la productividad.<\/p>\n\n\n\n<p class=\"wp-block-paragraph\"><strong>Campo 8 ser\u00e1 escenario de la apertura<\/strong><\/p>\n\n\n\n<p class=\"wp-block-paragraph\">La APS eligi\u00f3 nuevamente un establecimiento productivo para realizar Siembra Paraguay. En esta oportunidad, la jornada tendr\u00e1 lugar en J. Eulogio Estigarribia, conocida como Campo 8, una zona de fuerte presencia agr\u00edcola y tradici\u00f3n en la producci\u00f3n de granos.<\/p>\n\n\n\n<p class=\"wp-block-paragraph\">La elecci\u00f3n responde al prop\u00f3sito de trasladar cada a\u00f1o la apertura nacional a diferentes zonas productivas y mostrar desde el propio campo el comienzo de una nueva campa\u00f1a.<\/p>\n\n\n\n<p class=\"wp-block-paragraph\">El encuentro reunir\u00e1 a productores, autoridades, referentes gremiales, empresas y representantes de distintos sectores de la cadena, combinando la apertura simb\u00f3lica de la siembra con el an\u00e1lisis de las perspectivas para el nuevo ciclo.<\/p>\n\n\n\n<p class=\"wp-block-paragraph\">Despu\u00e9s de 27 a\u00f1os de trayectoria, la APS vuelve al campo para marcar el comienzo de una nueva campa\u00f1a y reconocer el papel central del productor en el desarrollo de la agricultura paraguaya.<\/p>\n\n\n\n<p class=\"wp-block-paragraph\"><\/p>\n","protected":false},"excerpt":{"rendered":"<p>Fuente: PoderAgropecuario https:\/\/poderagropecuario.com\/la-aps-prepara-la-apertura-nacional-de-una-nueva-campana-de-soja\/ agosto 29, 2026 La Asociaci\u00f3n de Productores de Soja, Oleaginosas y Cereales del Paraguay (APS) prepara una nueva edici\u00f3n de Siembra Paraguay \u2013 Apertura Nacional de la Siembra de Soja 2026\/27, que se realizar\u00e1 el pr\u00f3ximo 3 de septiembre, desde las 08:00, en J. Eulogio Estigarribia, departamento de Caaguaz\u00fa. Bajo el lema [&hellip;]<\/p>\n","protected":false},"author":2,"featured_media":0,"comment_status":"closed","ping_status":"closed","sticky":false,"template":"","format":"standard","meta":{"_uag_custom_page_level_css":"","site-sidebar-layout":"default","site-content-layout":"","ast-site-content-layout":"default","site-content-style":"default","site-sidebar-style":"default","ast-global-header-display":"","ast-banner-title-visibility":"","ast-main-header-display":"","ast-hfb-above-header-display":"","ast-hfb-below-header-display":"","ast-hfb-mobile-header-display":"","site-post-title":"","ast-breadcrumbs-content":"","ast-featured-img":"","footer-sml-layout":"","theme-transparent-header-meta":"","adv-header-id-meta":"","stick-header-meta":"","header-above-stick-meta":"","header-main-stick-meta":"","header-below-stick-meta":"","astra-migrate-meta-layouts":"set","ast-page-background-enabled":"default","ast-page-background-meta":{"desktop":{"background-color":"var(--ast-global-color-4)","background-image":"","background-repeat":"repeat","background-position":"center center","background-size":"auto","background-attachment":"scroll","background-type":"","background-media":"","overlay-type":"","overlay-color":"","overlay-gradient":""},"tablet":{"background-color":"","background-image":"","background-repeat":"repeat","background-position":"center center","background-size":"auto","background-attachment":"scroll","background-type":"","background-media":"","overlay-type":"","overlay-color":"","overlay-gradient":""},"mobile":{"background-color":"","background-image":"","background-repeat":"repeat","background-position":"center center","background-size":"auto","background-attachment":"scroll","background-type":"","background-media":"","overlay-type":"","overlay-color":"","overlay-gradient":""}},"ast-content-background-meta":{"desktop":{"background-color":"var(--ast-global-color-5)","background-image":"","background-repeat":"repeat","background-position":"center center","background-size":"auto","background-attachment":"scroll","background-type":"","background-media":"","overlay-type":"","overlay-color":"","overlay-gradient":""},"tablet":{"background-color":"var(--ast-global-color-5)","background-image":"","background-repeat":"repeat","background-position":"center center","background-size":"auto","background-attachment":"scroll","background-type":"","background-media":"","overlay-type":"","overlay-color":"","overlay-gradient":""},"mobile":{"background-color":"var(--ast-global-color-5)","background-image":"","background-repeat":"repeat","background-position":"center center","background-size":"auto","background-attachment":"scroll","background-type":"","background-media":"","overlay-type":"","overlay-color":"","overlay-gradient":""}},"ngg_post_thumbnail":0,"footnotes":""},"categories":[5,37],"tags":[19,100,1137,16,1175,12],"class_list":["post-10839","post","type-post","status-publish","format-standard","hentry","category-portales-digitales","category-aps","tag-productores","tag-siembra","tag-siembraparaguay","tag-soja","tag-zafra2026-2027","tag-aps"],"uagb_featured_image_src":{"full":false,"thumbnail":false,"medium":false,"medium_large":false,"large":false,"1536x1536":false,"2048x2048":false},"uagb_author_info":{"display_name":"Editor APS","author_link":"https:\/\/www.aps.org.py\/en\/author\/aps\/"},"uagb_comment_info":0,"uagb_excerpt":"Fuente: PoderAgropecuario https:\/\/poderagropecuario.com\/la-aps-prepara-la-apertura-nacional-de-una-nueva-campana-de-soja\/ agosto 29, 2026 La Asociaci\u00f3n de Productores de Soja, Oleaginosas y Cereales del Paraguay (APS) prepara una nueva edici\u00f3n de Siembra Paraguay \u2013 Apertura Nacional de la Siembra de Soja 2026\/27, que se realizar\u00e1 el pr\u00f3ximo 3 de septiembre, desde las 08:00, en J. Eulogio Estigarribia, departamento de Caaguaz\u00fa. Bajo el lema&hellip;","_links":{"self":[{"href":"https:\/\/www.aps.org.py\/en\/wp-json\/wp\/v2\/posts\/10839","targetHints":{"allow":["GET"]}}],"collection":[{"href":"https:\/\/www.aps.org.py\/en\/wp-json\/wp\/v2\/posts"}],"about":[{"href":"https:\/\/www.aps.org.py\/en\/wp-json\/wp\/v2\/types\/post"}],"author":[{"embeddable":true,"href":"https:\/\/www.aps.org.py\/en\/wp-json\/wp\/v2\/users\/2"}],"replies":[{"embeddable":true,"href":"https:\/\/www.aps.org.py\/en\/wp-json\/wp\/v2\/comments?post=10839"}],"version-history":[{"count":1,"href":"https:\/\/www.aps.org.py\/en\/wp-json\/wp\/v2\/posts\/10839\/revisions"}],"predecessor-version":[{"id":10840,"href":"https:\/\/www.aps.org.py\/en\/wp-json\/wp\/v2\/posts\/10839\/revisions\/10840"}],"wp:attachment":[{"href":"https:\/\/www.aps.org.py\/en\/wp-json\/wp\/v2\/media?parent=10839"}],"wp:term":[{"taxonomy":"category","embeddable":true,"href":"https:\/\/www.aps.org.py\/en\/wp-json\/wp\/v2\/categories?post=10839"},{"taxonomy":"post_tag","embeddable":true,"href":"https:\/\/www.aps.org.py\/en\/wp-json\/wp\/v2\/tags?post=10839"}],"curies":[{"name":"wp","href":"https:\/\/api.w.org\/{rel}","templated":true}]}}